{"id":13,"date":"2016-06-08T11:29:09","date_gmt":"2016-06-08T14:29:09","guid":{"rendered":"http:\/\/wp.ufpel.edu.br\/demo-ufpel\/?p=13"},"modified":"2016-06-08T11:29:09","modified_gmt":"2016-06-08T14:29:09","slug":"pos-em-epidemiologia-oferece-curso-de-extensao-em-julho","status":"publish","type":"post","link":"https:\/\/curso-wp.ufpel.edu.br\/tema-ufpel\/2016\/06\/08\/pos-em-epidemiologia-oferece-curso-de-extensao-em-julho\/","title":{"rendered":"P\u00f3s em Epidemiologia oferece curso de extens\u00e3o em julho"},"content":{"rendered":"<p>O Programa de P\u00f3s-Gradua\u00e7\u00e3o em Epidemiologia (PPGE) da Universidade Federal de Pelotas (UFPel) ir\u00e1 abrir nova turma para o curso de extens\u00e3o em Epidemiologia B\u00e1sica. As aulas ocorrem na semana de 25 a 29 de julho, das 8h30min \u00e0s 11h30min e das 13h30min \u00e0s 17h30min, no Audit\u00f3rio B do Centro de Pesquisas Epidemiol\u00f3gicas da UFPel.<\/p>\n<p>Ministrado por professores do corpo docente do PPGE, o curso ensina t\u00e9cnicas e conceitos fundamentais da epidemiologia. \u00c9 indicado especialmente a alunos j\u00e1 graduados que tenham interesse em ingressar em programas de p\u00f3s-gradua\u00e7\u00e3o em epidemiologia ou \u00e1reas afins.<\/p>\n<p>As inscri\u00e7\u00f5es iniciam a partir de 20 de junho, exclusivamente pelo e-mail estatepi.basica.ppge@gmail.com, at\u00e9 o preenchimento do total de 30 vagas. O valor de inscri\u00e7\u00e3o \u00e9 de R$ 200. Ser\u00e1 emitido certificado de participa\u00e7\u00e3o, de acordo com carga hor\u00e1ria cumprida. Regulamento e formul\u00e1rio de inscri\u00e7\u00f5es est\u00e3o dispon\u00edveis na <a href=\"http:\/\/epidemio-ufpel.org.br\/site\/content\/extensao\/index.php\">p\u00e1gina do curso<\/a>.<\/p>\n<p>Mais informa\u00e7\u00f5es pelo telefone (53) 3284-1302 ou pelo email estatepi.basica.ppge@gmail.com.<\/p>\n","protected":false},"excerpt":{"rendered":"<p>O Programa de P\u00f3s-Gradua\u00e7\u00e3o em Epidemiologia (PPGE) da Universidade Federal de Pelotas (UFPel) ir\u00e1 abrir nova turma para o curso de extens\u00e3o em Epidemiologia B\u00e1sica. As aulas ocorrem na semana de 25 a 29 de julho, das 8h30min \u00e0s 11h30min e das 13h30min \u00e0s 17h30min, no Audit\u00f3rio B do Centro de Pesquisas Epidemiol\u00f3gicas da UFPel. [&hellip;]<\/p>\n","protected":false},"author":34,"featured_media":15,"comment_status":"closed","ping_status":"closed","sticky":false,"template":"","format":"standard","meta":{"_jetpack_memberships_contains_paid_content":false,"footnotes":""},"categories":[1],"tags":[],"class_list":["post-13","post","type-post","status-publish","format-standard","has-post-thumbnail","hentry","category-noticias"],"jetpack_featured_media_url":"https:\/\/curso-wp.ufpel.edu.br\/tema-ufpel\/wp-content\/uploads\/sites\/208\/2016\/06\/Curso-Epidemio-basico-2016-face.jpg","jetpack_sharing_enabled":true,"_links":{"self":[{"href":"https:\/\/curso-wp.ufpel.edu.br\/tema-ufpel\/wp-json\/wp\/v2\/posts\/13","targetHints":{"allow":["GET"]}}],"collection":[{"href":"https:\/\/curso-wp.ufpel.edu.br\/tema-ufpel\/wp-json\/wp\/v2\/posts"}],"about":[{"href":"https:\/\/curso-wp.ufpel.edu.br\/tema-ufpel\/wp-json\/wp\/v2\/types\/post"}],"author":[{"embeddable":true,"href":"https:\/\/curso-wp.ufpel.edu.br\/tema-ufpel\/wp-json\/wp\/v2\/users\/34"}],"replies":[{"embeddable":true,"href":"https:\/\/curso-wp.ufpel.edu.br\/tema-ufpel\/wp-json\/wp\/v2\/comments?post=13"}],"version-history":[{"count":0,"href":"https:\/\/curso-wp.ufpel.edu.br\/tema-ufpel\/wp-json\/wp\/v2\/posts\/13\/revisions"}],"wp:featuredmedia":[{"embeddable":true,"href":"https:\/\/curso-wp.ufpel.edu.br\/tema-ufpel\/wp-json\/wp\/v2\/media\/15"}],"wp:attachment":[{"href":"https:\/\/curso-wp.ufpel.edu.br\/tema-ufpel\/wp-json\/wp\/v2\/media?parent=13"}],"wp:term":[{"taxonomy":"category","embeddable":true,"href":"https:\/\/curso-wp.ufpel.edu.br\/tema-ufpel\/wp-json\/wp\/v2\/categories?post=13"},{"taxonomy":"post_tag","embeddable":true,"href":"https:\/\/curso-wp.ufpel.edu.br\/tema-ufpel\/wp-json\/wp\/v2\/tags?post=13"}],"curies":[{"name":"wp","href":"https:\/\/api.w.org\/{rel}","templated":true}]}}