{"id":21,"date":"2016-06-08T11:31:22","date_gmt":"2016-06-08T14:31:22","guid":{"rendered":"http:\/\/wp.ufpel.edu.br\/demo-ufpel\/?p=21"},"modified":"2016-06-08T11:31:22","modified_gmt":"2016-06-08T14:31:22","slug":"departamento-de-medicina-social-promove-palestra-sobre-sus","status":"publish","type":"post","link":"https:\/\/curso-wp.ufpel.edu.br\/tema-ufpel\/2016\/06\/08\/departamento-de-medicina-social-promove-palestra-sobre-sus\/","title":{"rendered":"Departamento de Medicina Social promove palestra sobre SUS"},"content":{"rendered":"<p>O Departamento de Medicina Social da Universidade Federal de Pelotas (UFPel) promove, nesta quinta-feira (9), um semin\u00e1rio sobre o Sistema \u00danico de Sa\u00fade (SUS). O tema ser\u00e1 \u201cDes-financiamento da Sa\u00fade no Brasil \u2013 Os Riscos do Momento Atual\u201d. O palestrante ser\u00e1 o auditor do Tribunal de Contas do Estado do Rio Grande do Sul, Gon\u00e7alino Fonseca.<\/p>\n<p>A atividade \u00e9 integrante do Semin\u00e1rio de Pesquisas do Programa de P\u00f3s-Gradua\u00e7\u00e3o em Epidemiologia da UFPel e ocorre no Audit\u00f3rio da Faculdade de Medicina, \u00e0s 16h.<\/p>\n","protected":false},"excerpt":{"rendered":"<p>O Departamento de Medicina Social da Universidade Federal de Pelotas (UFPel) promove, nesta quinta-feira (9), um semin\u00e1rio sobre o Sistema \u00danico de Sa\u00fade (SUS). O tema ser\u00e1 \u201cDes-financiamento da Sa\u00fade no Brasil \u2013 Os Riscos do Momento Atual\u201d. O palestrante ser\u00e1 o auditor do Tribunal de Contas do Estado do Rio Grande do Sul, Gon\u00e7alino [&hellip;]<\/p>\n","protected":false},"author":34,"featured_media":23,"comment_status":"closed","ping_status":"closed","sticky":false,"template":"","format":"standard","meta":{"_jetpack_memberships_contains_paid_content":false,"footnotes":""},"categories":[1],"tags":[],"class_list":["post-21","post","type-post","status-publish","format-standard","has-post-thumbnail","hentry","category-noticias"],"jetpack_featured_media_url":"https:\/\/curso-wp.ufpel.edu.br\/tema-ufpel\/wp-content\/uploads\/sites\/208\/2016\/06\/Seminario-des-financiamento-do-SUS.jpg","jetpack_sharing_enabled":true,"_links":{"self":[{"href":"https:\/\/curso-wp.ufpel.edu.br\/tema-ufpel\/wp-json\/wp\/v2\/posts\/21","targetHints":{"allow":["GET"]}}],"collection":[{"href":"https:\/\/curso-wp.ufpel.edu.br\/tema-ufpel\/wp-json\/wp\/v2\/posts"}],"about":[{"href":"https:\/\/curso-wp.ufpel.edu.br\/tema-ufpel\/wp-json\/wp\/v2\/types\/post"}],"author":[{"embeddable":true,"href":"https:\/\/curso-wp.ufpel.edu.br\/tema-ufpel\/wp-json\/wp\/v2\/users\/34"}],"replies":[{"embeddable":true,"href":"https:\/\/curso-wp.ufpel.edu.br\/tema-ufpel\/wp-json\/wp\/v2\/comments?post=21"}],"version-history":[{"count":0,"href":"https:\/\/curso-wp.ufpel.edu.br\/tema-ufpel\/wp-json\/wp\/v2\/posts\/21\/revisions"}],"wp:featuredmedia":[{"embeddable":true,"href":"https:\/\/curso-wp.ufpel.edu.br\/tema-ufpel\/wp-json\/wp\/v2\/media\/23"}],"wp:attachment":[{"href":"https:\/\/curso-wp.ufpel.edu.br\/tema-ufpel\/wp-json\/wp\/v2\/media?parent=21"}],"wp:term":[{"taxonomy":"category","embeddable":true,"href":"https:\/\/curso-wp.ufpel.edu.br\/tema-ufpel\/wp-json\/wp\/v2\/categories?post=21"},{"taxonomy":"post_tag","embeddable":true,"href":"https:\/\/curso-wp.ufpel.edu.br\/tema-ufpel\/wp-json\/wp\/v2\/tags?post=21"}],"curies":[{"name":"wp","href":"https:\/\/api.w.org\/{rel}","templated":true}]}}