{"id":25,"date":"2016-06-08T11:33:08","date_gmt":"2016-06-08T14:33:08","guid":{"rendered":"http:\/\/wp.ufpel.edu.br\/demo-ufpel\/?p=25"},"modified":"2016-06-08T11:33:08","modified_gmt":"2016-06-08T14:33:08","slug":"livraria-tera-mais-uma-edicao-do-conversando-com-o-autor","status":"publish","type":"post","link":"https:\/\/curso-wp.ufpel.edu.br\/tema-ufpel\/2016\/06\/08\/livraria-tera-mais-uma-edicao-do-conversando-com-o-autor\/","title":{"rendered":"Livraria ter\u00e1 mais uma edi\u00e7\u00e3o do \u201cConversando com o Autor\u201d"},"content":{"rendered":"<p>A Livraria da Universidade Federal de Pelotas (UFPel) recebe, no pr\u00f3ximo dia 13, as organizadoras de duas obras para participar do evento \u201cConversando com o Autor\u201d. Estar\u00e3o presentes no evento, que come\u00e7a \u00e0s 17h, na pr\u00f3pria Livraria (Rua Benjamin Constant, 1.071), os acad\u00eamicos envolvidos com as obras \u201cMem\u00f3rias e Perspectivas Contempor\u00e2neas da Arte\/Educa\u00e7\u00e3o no RS\u201d e \u201cA Escola de Belas Artes de Pelotas\u201d, ambos recentemente lan\u00e7ados.<\/p>\n<p>Estar\u00e3o no encontro Ursula Rosa da Silva, N\u00e1dia da Cruz Senna e Mirela Ribeiro Meira, organizadoras da primeira obra, e Anaizi Cruz Esp\u00edrito Santo, Carmen Regina Bauer Diniz e Clarice Rego Magalh\u00e3es, respons\u00e1veis pela segunda.<\/p>\n<p><strong>As obras<\/strong><br \/>\nEm \u201cMem\u00f3rias e Perspectivas Contempor\u00e2neas da Arte\/Educa\u00e7\u00e3o no RS\u201d, est\u00e3o os registros e percep\u00e7\u00f5es de pessoas que participaram ativamente do movimento Arte\/Educa\u00e7\u00e3o nos anos 1980 e 1990 no estado. O livro traz tanto a hist\u00f3ria da Associa\u00e7\u00e3o Ga\u00facha de Arte\/Educa\u00e7\u00e3o (AGA) e os movimentos decorrentes quanto \u00e0s mudan\u00e7as no campo da arte em rela\u00e7\u00e3o ao ensino \u2013 de atividade para componente curricular, caracteriza\u00e7\u00e3o trazida na Lei de Diretrizes e Bases (LDB) de 1996. A obra traz relatos do in\u00edcio desse movimento e entendimentos da perspectiva de hoje da arte na escola, originados dele.<\/p>\n<p>\u201cA Escola de Belas Artes de Pelotas\u201d transporta ao leitor a diversos momentos do educand\u00e1rio, que deu origem aos cursos de Artes Visuais do Centro de Artes da UFPel. O contexto da cidade quando de seu surgimento, seu princ\u00edpio, desenvolvimento, cotidiano, exposi\u00e7\u00f5es e outros tantos aspectos que constitu\u00edram a Escola s\u00e3o retratados. A obra apresenta, em suas 187 p\u00e1ginas e oito cap\u00edtulos, o per\u00edodo que vai desde sua funda\u00e7\u00e3o, em 1949, at\u00e9 sua incorpora\u00e7\u00e3o \u00e0 UFPel, em 1969. Ilustrado com fotos da \u00e9poca e reprodu\u00e7\u00f5es do acervo do MALG, tem, entre suas curiosidades, imagens da primeira turma e de aulas ministradas pelo pintor italiano Aldo Locatelli.<\/p>\n","protected":false},"excerpt":{"rendered":"<p>A Livraria da Universidade Federal de Pelotas (UFPel) recebe, no pr\u00f3ximo dia 13, as organizadoras de duas obras para participar do evento \u201cConversando com o Autor\u201d. Estar\u00e3o presentes no evento, que come\u00e7a \u00e0s 17h, na pr\u00f3pria Livraria (Rua Benjamin Constant, 1.071), os acad\u00eamicos envolvidos com as obras \u201cMem\u00f3rias e Perspectivas Contempor\u00e2neas da Arte\/Educa\u00e7\u00e3o no RS\u201d [&hellip;]<\/p>\n","protected":false},"author":34,"featured_media":27,"comment_status":"closed","ping_status":"closed","sticky":false,"template":"","format":"standard","meta":{"_jetpack_memberships_contains_paid_content":false,"footnotes":""},"categories":[1],"tags":[],"class_list":["post-25","post","type-post","status-publish","format-standard","has-post-thumbnail","hentry","category-noticias"],"jetpack_featured_media_url":"https:\/\/curso-wp.ufpel.edu.br\/tema-ufpel\/wp-content\/uploads\/sites\/208\/2016\/06\/conversando.jpg","jetpack_sharing_enabled":true,"_links":{"self":[{"href":"https:\/\/curso-wp.ufpel.edu.br\/tema-ufpel\/wp-json\/wp\/v2\/posts\/25","targetHints":{"allow":["GET"]}}],"collection":[{"href":"https:\/\/curso-wp.ufpel.edu.br\/tema-ufpel\/wp-json\/wp\/v2\/posts"}],"about":[{"href":"https:\/\/curso-wp.ufpel.edu.br\/tema-ufpel\/wp-json\/wp\/v2\/types\/post"}],"author":[{"embeddable":true,"href":"https:\/\/curso-wp.ufpel.edu.br\/tema-ufpel\/wp-json\/wp\/v2\/users\/34"}],"replies":[{"embeddable":true,"href":"https:\/\/curso-wp.ufpel.edu.br\/tema-ufpel\/wp-json\/wp\/v2\/comments?post=25"}],"version-history":[{"count":0,"href":"https:\/\/curso-wp.ufpel.edu.br\/tema-ufpel\/wp-json\/wp\/v2\/posts\/25\/revisions"}],"wp:featuredmedia":[{"embeddable":true,"href":"https:\/\/curso-wp.ufpel.edu.br\/tema-ufpel\/wp-json\/wp\/v2\/media\/27"}],"wp:attachment":[{"href":"https:\/\/curso-wp.ufpel.edu.br\/tema-ufpel\/wp-json\/wp\/v2\/media?parent=25"}],"wp:term":[{"taxonomy":"category","embeddable":true,"href":"https:\/\/curso-wp.ufpel.edu.br\/tema-ufpel\/wp-json\/wp\/v2\/categories?post=25"},{"taxonomy":"post_tag","embeddable":true,"href":"https:\/\/curso-wp.ufpel.edu.br\/tema-ufpel\/wp-json\/wp\/v2\/tags?post=25"}],"curies":[{"name":"wp","href":"https:\/\/api.w.org\/{rel}","templated":true}]}}