{"id":29,"date":"2016-06-08T11:34:41","date_gmt":"2016-06-08T14:34:41","guid":{"rendered":"http:\/\/wp.ufpel.edu.br\/demo-ufpel\/?p=29"},"modified":"2016-06-08T11:34:41","modified_gmt":"2016-06-08T14:34:41","slug":"nulab-reune-informacoes-sobre-os-laboratorios-da-ufpel","status":"publish","type":"post","link":"https:\/\/curso-wp.ufpel.edu.br\/tema-ufpel\/2016\/06\/08\/nulab-reune-informacoes-sobre-os-laboratorios-da-ufpel\/","title":{"rendered":"NULAB re\u00fane informa\u00e7\u00f5es sobre os laborat\u00f3rios da UFPel"},"content":{"rendered":"<p>Um verdadeiro mapa dos cerca de 500 laborat\u00f3rios da Universidade Federal de Pelotas (UFPel) vem sendo constru\u00eddo por meio do trabalho desenvolvido pelo N\u00facleo Geral de Laborat\u00f3rios (NULAB). Originado com a proposta de concentrar as mais variadas informa\u00e7\u00f5es sobre esses espa\u00e7os, o N\u00facleo est\u00e1 realizando visitas para coletar dados e conhecer melhor cada atividade realizada nesses locais. A inten\u00e7\u00e3o \u00e9 fazer um diagn\u00f3stico completo \u2013 que j\u00e1 est\u00e1 sendo, aos poucos, disponibilizado no portal da Universidade.<\/p>\n<p>O cadastro servir\u00e1 de base para a\u00e7\u00f5es integradas entre cursos e Unidades e as Pr\u00f3-Reitorias de Planejamento e Desenvolvimento (PROPLAN), Gest\u00e3o de Pessoas (PROGEP), Gradua\u00e7\u00e3o (PRG) e Pesquisa e P\u00f3s-Gradua\u00e7\u00e3o (PRPPG). O diagn\u00f3stico dos espa\u00e7os dever\u00e1 proporcionar uma otimiza\u00e7\u00e3o de recursos e profissionais. Projeta-se que possam ser realizados investimentos, por exemplo, em locais que atendem maior n\u00famero de alunos e cursos ou que possuem mais necessidades. Al\u00e9m disso, permitir\u00e1 identificar uma distribui\u00e7\u00e3o mais adequada de t\u00e9cnicos e tamb\u00e9m de equipamentos porventura doados \u00e0 Universidade. Oportunizar\u00e1, ainda, uma integra\u00e7\u00e3o maior com a Coordena\u00e7\u00e3o de Gest\u00e3o Ambiental, para qualificar a gest\u00e3o de res\u00edduos laboratoriais. \u201c\u00c9 um trabalho b\u00e1sico que vai alimentar v\u00e1rias frentes de trabalho\u201d, observou a vice-reitora, Denise Gigante, a quem o NULAB \u00e9 diretamente ligado.<\/p>\n<p>Conforme a respons\u00e1vel pelo N\u00facleo, Isabel de Oliveira, um comit\u00ea assessor do NULAB dever\u00e1 ser criado, com a inten\u00e7\u00e3o de reunir professores e pesquisadores que possam contribuir na defini\u00e7\u00e3o de a\u00e7\u00f5es ap\u00f3s o diagn\u00f3stico completo.<\/p>\n<p>A base para o come\u00e7o dos trabalhos foram as informa\u00e7\u00f5es coletadas via Formul\u00e1rio Institucional de Autoavalia\u00e7\u00e3o de Cursos (FIAC) \u2013 que, no entanto, engloba apenas laborat\u00f3rios de ensino. O registro do NULAB ampliar\u00e1 o escopo tamb\u00e9m para espa\u00e7os utilizados para pesquisa ou outras a\u00e7\u00f5es.<\/p>\n<p>At\u00e9 o momento, 70 locais j\u00e1 foram visitados pela equipe do NULAB, perfazendo um total de 14% dos laborat\u00f3rios da Universidade. Para mais informa\u00e7\u00f5es sobre a a\u00e7\u00e3o, o contato pode ser feito pelo e-mail nulabufpel@gmail.com.<\/p>\n<p>A p\u00e1gina do NULAB, com as informa\u00e7\u00f5es j\u00e1 coletadas at\u00e9 agora, pode ser acessada <a href=\"http:\/\/wp.ufpel.edu.br\/nulab\">aqui<\/a>.<\/p>\n","protected":false},"excerpt":{"rendered":"<p>Um verdadeiro mapa dos cerca de 500 laborat\u00f3rios da Universidade Federal de Pelotas (UFPel) vem sendo constru\u00eddo por meio do trabalho desenvolvido pelo N\u00facleo Geral de Laborat\u00f3rios (NULAB). Originado com a proposta de concentrar as mais variadas informa\u00e7\u00f5es sobre esses espa\u00e7os, o N\u00facleo est\u00e1 realizando visitas para coletar dados e conhecer melhor cada atividade realizada [&hellip;]<\/p>\n","protected":false},"author":34,"featured_media":31,"comment_status":"closed","ping_status":"closed","sticky":false,"template":"","format":"standard","meta":{"_jetpack_memberships_contains_paid_content":false,"footnotes":""},"categories":[2,1],"tags":[],"class_list":["post-29","post","type-post","status-publish","format-standard","has-post-thumbnail","hentry","category-destaques","category-noticias"],"jetpack_featured_media_url":"https:\/\/curso-wp.ufpel.edu.br\/tema-ufpel\/wp-content\/uploads\/sites\/208\/2016\/06\/Katia-051.jpg","jetpack_sharing_enabled":true,"_links":{"self":[{"href":"https:\/\/curso-wp.ufpel.edu.br\/tema-ufpel\/wp-json\/wp\/v2\/posts\/29","targetHints":{"allow":["GET"]}}],"collection":[{"href":"https:\/\/curso-wp.ufpel.edu.br\/tema-ufpel\/wp-json\/wp\/v2\/posts"}],"about":[{"href":"https:\/\/curso-wp.ufpel.edu.br\/tema-ufpel\/wp-json\/wp\/v2\/types\/post"}],"author":[{"embeddable":true,"href":"https:\/\/curso-wp.ufpel.edu.br\/tema-ufpel\/wp-json\/wp\/v2\/users\/34"}],"replies":[{"embeddable":true,"href":"https:\/\/curso-wp.ufpel.edu.br\/tema-ufpel\/wp-json\/wp\/v2\/comments?post=29"}],"version-history":[{"count":0,"href":"https:\/\/curso-wp.ufpel.edu.br\/tema-ufpel\/wp-json\/wp\/v2\/posts\/29\/revisions"}],"wp:featuredmedia":[{"embeddable":true,"href":"https:\/\/curso-wp.ufpel.edu.br\/tema-ufpel\/wp-json\/wp\/v2\/media\/31"}],"wp:attachment":[{"href":"https:\/\/curso-wp.ufpel.edu.br\/tema-ufpel\/wp-json\/wp\/v2\/media?parent=29"}],"wp:term":[{"taxonomy":"category","embeddable":true,"href":"https:\/\/curso-wp.ufpel.edu.br\/tema-ufpel\/wp-json\/wp\/v2\/categories?post=29"},{"taxonomy":"post_tag","embeddable":true,"href":"https:\/\/curso-wp.ufpel.edu.br\/tema-ufpel\/wp-json\/wp\/v2\/tags?post=29"}],"curies":[{"name":"wp","href":"https:\/\/api.w.org\/{rel}","templated":true}]}}