{"id":37,"date":"2016-06-08T11:39:13","date_gmt":"2016-06-08T14:39:13","guid":{"rendered":"http:\/\/wp.ufpel.edu.br\/demo-ufpel\/?p=37"},"modified":"2016-06-08T11:39:13","modified_gmt":"2016-06-08T14:39:13","slug":"servidores-participam-de-capacitacao-com-cinema","status":"publish","type":"post","link":"https:\/\/curso-wp.ufpel.edu.br\/tema-ufpel\/2016\/06\/08\/servidores-participam-de-capacitacao-com-cinema\/","title":{"rendered":"Servidores participam de capacita\u00e7\u00e3o com cinema"},"content":{"rendered":"<p>Sala escura, poltronas confort\u00e1veis, grande tela. Luz, c\u00e2mera, a\u00e7\u00e3o. \u00c9 nesse cen\u00e1rio que servidores da Universidade Federal de Pelotas (UFPel) t\u00eam tido a oportunidade de se qualificarem. Com a a\u00e7\u00e3o \u201cCiclo de Cinema: Capacitando Servidores pela S\u00e9tima Arte\u201d, a Pr\u00f3-Reitoria de Gest\u00e3o de Pessoas (PROGEP) j\u00e1 promoveu duas exibi\u00e7\u00f5es de filmes relacionados \u00e0 tem\u00e1tica do trabalho, seguidos de debate. Outras tr\u00eas sess\u00f5es est\u00e3o previstas para o decorrer do ano. A pr\u00f3xima ser\u00e1 no dia 29 de junho e as inscri\u00e7\u00f5es abrir\u00e3o em breve.<\/p>\n<p>Promover capacita\u00e7\u00f5es por meio do cinema possibilita, segundo a organiza\u00e7\u00e3o, resgatar quest\u00f5es subjetivas e reflex\u00f5es acerca do fazer cotidiano de cada servidor. Nos debates, s\u00e3o trazidos relatos de experi\u00eancias, viv\u00eancias e conjecturas, que proporcionam o pensar sobre o trabalho, em seus mais variados aspectos. Por exemplo, o primeiro filme, \u201cO Diabo Veste Prada\u201d, suscitou debates acerca do in\u00edcio da carreira e o comportamento perante situa\u00e7\u00f5es dif\u00edceis no ambiente de trabalho.<\/p>\n<p>No segundo, \u201cAmor sem Escalas\u201d, o debate girou em torno da gest\u00e3o da vida pessoal e profissional, e, dentro das v\u00e1rias nuances apontadas pelos participantes, as quest\u00f5es de demitir, ser demitido e \u201cse autodemitir\u201d, no trabalho e nas rela\u00e7\u00f5es. Al\u00e9m disso, os participantes tamb\u00e9m comentaram sobre normatiza\u00e7\u00e3o, relacionamento com os colegas, o trabalho como parte de um ser humano integral e a sistematiza\u00e7\u00e3o cotidiana na maneira de trabalhar.<\/p>\n<p>Inscreva-se<br \/>\nA pr\u00f3xima exibi\u00e7\u00e3o ser\u00e1 no dia 29 de junho, com o filme \u201cHist\u00f3rias Cruzadas\u201d. A pel\u00edcula se passa em Jackson, pequena cidade no estado do Mississipi, nos anos 60. Skeeter (Emma Stone) \u00e9 uma garota da sociedade que retorna determinada a se tornar escritora. Ela come\u00e7a a entrevistar as mulheres negras da cidade, que deixaram suas vidas para trabalhar na cria\u00e7\u00e3o dos filhos da elite branca, da qual a pr\u00f3pria Skeeter faz parte. Aibileen Clark (Viola Davis), a emprega da melhor amiga de Skeeter, \u00e9 a primeira a conceder uma entrevista, o que desagrada a sociedade como um todo. Apesar das cr\u00edticas, Skeeter e Aibileen continuam trabalhando juntas e, aos poucos, conseguem novas ades\u00f5es.<\/p>\n<p>As inscri\u00e7\u00f5es ser\u00e3o abertas aproximadamente 15 dias antes da sess\u00e3o. A atividade ocorre das 14h \u00e0s 17h, no Cine UFPel (Rua Lobo da Costa, 447).<\/p>\n","protected":false},"excerpt":{"rendered":"<p>Sala escura, poltronas confort\u00e1veis, grande tela. Luz, c\u00e2mera, a\u00e7\u00e3o. \u00c9 nesse cen\u00e1rio que servidores da Universidade Federal de Pelotas (UFPel) t\u00eam tido a oportunidade de se qualificarem. Com a a\u00e7\u00e3o \u201cCiclo de Cinema: Capacitando Servidores pela S\u00e9tima Arte\u201d, a Pr\u00f3-Reitoria de Gest\u00e3o de Pessoas (PROGEP) j\u00e1 promoveu duas exibi\u00e7\u00f5es de filmes relacionados \u00e0 tem\u00e1tica do [&hellip;]<\/p>\n","protected":false},"author":34,"featured_media":39,"comment_status":"closed","ping_status":"closed","sticky":false,"template":"","format":"standard","meta":{"_jetpack_memberships_contains_paid_content":false,"footnotes":""},"categories":[2,1],"tags":[],"class_list":["post-37","post","type-post","status-publish","format-standard","has-post-thumbnail","hentry","category-destaques","category-noticias"],"jetpack_featured_media_url":"https:\/\/curso-wp.ufpel.edu.br\/tema-ufpel\/wp-content\/uploads\/sites\/208\/2016\/06\/DSC_0023.jpg","jetpack_sharing_enabled":true,"_links":{"self":[{"href":"https:\/\/curso-wp.ufpel.edu.br\/tema-ufpel\/wp-json\/wp\/v2\/posts\/37","targetHints":{"allow":["GET"]}}],"collection":[{"href":"https:\/\/curso-wp.ufpel.edu.br\/tema-ufpel\/wp-json\/wp\/v2\/posts"}],"about":[{"href":"https:\/\/curso-wp.ufpel.edu.br\/tema-ufpel\/wp-json\/wp\/v2\/types\/post"}],"author":[{"embeddable":true,"href":"https:\/\/curso-wp.ufpel.edu.br\/tema-ufpel\/wp-json\/wp\/v2\/users\/34"}],"replies":[{"embeddable":true,"href":"https:\/\/curso-wp.ufpel.edu.br\/tema-ufpel\/wp-json\/wp\/v2\/comments?post=37"}],"version-history":[{"count":0,"href":"https:\/\/curso-wp.ufpel.edu.br\/tema-ufpel\/wp-json\/wp\/v2\/posts\/37\/revisions"}],"wp:featuredmedia":[{"embeddable":true,"href":"https:\/\/curso-wp.ufpel.edu.br\/tema-ufpel\/wp-json\/wp\/v2\/media\/39"}],"wp:attachment":[{"href":"https:\/\/curso-wp.ufpel.edu.br\/tema-ufpel\/wp-json\/wp\/v2\/media?parent=37"}],"wp:term":[{"taxonomy":"category","embeddable":true,"href":"https:\/\/curso-wp.ufpel.edu.br\/tema-ufpel\/wp-json\/wp\/v2\/categories?post=37"},{"taxonomy":"post_tag","embeddable":true,"href":"https:\/\/curso-wp.ufpel.edu.br\/tema-ufpel\/wp-json\/wp\/v2\/tags?post=37"}],"curies":[{"name":"wp","href":"https:\/\/api.w.org\/{rel}","templated":true}]}}