{"id":4457,"date":"2018-07-05T09:47:45","date_gmt":"2018-07-05T12:47:45","guid":{"rendered":"https:\/\/wp-test.ufpel.edu.br\/tema-ufpel\/?p=4457"},"modified":"2018-07-05T09:47:45","modified_gmt":"2018-07-05T12:47:45","slug":"voce-sabe-o-que-come-palestras-abordam-alimentacao-saude-e-meio-ambiente","status":"publish","type":"post","link":"https:\/\/curso-wp.ufpel.edu.br\/tema-ufpel\/2018\/07\/05\/voce-sabe-o-que-come-palestras-abordam-alimentacao-saude-e-meio-ambiente\/","title":{"rendered":"Voc\u00ea sabe o que come? Palestras abordam alimenta\u00e7\u00e3o, sa\u00fade e meio ambiente"},"content":{"rendered":"<p>A UFPel \u00e9 uma das institui\u00e7\u00f5es promotoras das palestras Voc\u00ea Sabe o que Voc\u00ea Consome? Sa\u00fade, Alimenta\u00e7\u00e3o e Meio Ambiente, que ocorrem no dia 5 de julho, \u00e0s 18h, no audit\u00f3rio da Faculdade de Arquitetura, na rua Benjamin Constant, 1359. Veja a programa\u00e7\u00e3o clicando na imagem.<\/p>\n<p>&nbsp;<\/p>\n<p>Fonte: <a href=\"http:\/\/ccs2.ufpel.edu.br\/wp\/2018\/06\/28\/voce-sabe-o-que-come-palestras-abordam-alimentacao-saude-e-meio-ambiente\/\">CCS \/ UFPel<\/a><\/p>\n","protected":false},"excerpt":{"rendered":"<p>A UFPel \u00e9 uma das institui\u00e7\u00f5es promotoras das palestras Voc\u00ea Sabe o que Voc\u00ea Consome? Sa\u00fade, Alimenta\u00e7\u00e3o e Meio Ambiente, que ocorrem no dia 5 de julho, \u00e0s 18h, no audit\u00f3rio da Faculdade de Arquitetura, na rua Benjamin Constant, 1359. Veja a programa\u00e7\u00e3o clicando na imagem. &nbsp; Fonte: CCS \/ UFPel<\/p>\n","protected":false},"author":34,"featured_media":4459,"comment_status":"closed","ping_status":"closed","sticky":false,"template":"","format":"standard","meta":{"_jetpack_memberships_contains_paid_content":false,"footnotes":""},"categories":[3],"tags":[],"class_list":["post-4457","post","type-post","status-publish","format-standard","has-post-thumbnail","hentry","category-eventos"],"jetpack_featured_media_url":"https:\/\/curso-wp.ufpel.edu.br\/tema-ufpel\/wp-content\/uploads\/sites\/208\/2018\/07\/IMG-20180628-WA0001.jpg","jetpack_sharing_enabled":true,"_links":{"self":[{"href":"https:\/\/curso-wp.ufpel.edu.br\/tema-ufpel\/wp-json\/wp\/v2\/posts\/4457","targetHints":{"allow":["GET"]}}],"collection":[{"href":"https:\/\/curso-wp.ufpel.edu.br\/tema-ufpel\/wp-json\/wp\/v2\/posts"}],"about":[{"href":"https:\/\/curso-wp.ufpel.edu.br\/tema-ufpel\/wp-json\/wp\/v2\/types\/post"}],"author":[{"embeddable":true,"href":"https:\/\/curso-wp.ufpel.edu.br\/tema-ufpel\/wp-json\/wp\/v2\/users\/34"}],"replies":[{"embeddable":true,"href":"https:\/\/curso-wp.ufpel.edu.br\/tema-ufpel\/wp-json\/wp\/v2\/comments?post=4457"}],"version-history":[{"count":0,"href":"https:\/\/curso-wp.ufpel.edu.br\/tema-ufpel\/wp-json\/wp\/v2\/posts\/4457\/revisions"}],"wp:featuredmedia":[{"embeddable":true,"href":"https:\/\/curso-wp.ufpel.edu.br\/tema-ufpel\/wp-json\/wp\/v2\/media\/4459"}],"wp:attachment":[{"href":"https:\/\/curso-wp.ufpel.edu.br\/tema-ufpel\/wp-json\/wp\/v2\/media?parent=4457"}],"wp:term":[{"taxonomy":"category","embeddable":true,"href":"https:\/\/curso-wp.ufpel.edu.br\/tema-ufpel\/wp-json\/wp\/v2\/categories?post=4457"},{"taxonomy":"post_tag","embeddable":true,"href":"https:\/\/curso-wp.ufpel.edu.br\/tema-ufpel\/wp-json\/wp\/v2\/tags?post=4457"}],"curies":[{"name":"wp","href":"https:\/\/api.w.org\/{rel}","templated":true}]}}