{"id":4461,"date":"2018-07-05T09:50:14","date_gmt":"2018-07-05T12:50:14","guid":{"rendered":"https:\/\/wp-test.ufpel.edu.br\/tema-ufpel\/?p=4461"},"modified":"2018-07-05T09:50:14","modified_gmt":"2018-07-05T12:50:14","slug":"ciclo-de-palestras-do-prograu-aborda-pequenas-localidades-desafios-socioespaciais","status":"publish","type":"post","link":"https:\/\/curso-wp.ufpel.edu.br\/tema-ufpel\/2018\/07\/05\/ciclo-de-palestras-do-prograu-aborda-pequenas-localidades-desafios-socioespaciais\/","title":{"rendered":"Ciclo de palestras do Prograu aborda Pequenas localidades: desafios socioespaciais"},"content":{"rendered":"<p>O Ciclo de Palestras do Programa de P\u00f3s Gradua\u00e7\u00e3o em Arquitetura e Urbanismo (Prograu) da UFPel realiza, no dia 3 de julho, \u00e0s 18h, no audit\u00f3rio da FAUrb, situado na rua Benjamin Constant, 1359, a palestra Pequenas localidades: desafios socioespaciais e pauta de estudos. Ser\u00e1 ministrada pela professora Angela Maria Endlich.<\/p>\n<p>Ela possui gradua\u00e7\u00e3o em Geografia pela Universidade Estadual de Maring\u00e1 (1991), Mestrado em Geografia pela Universidade Estadual Paulista J\u00falio de Mesquita Filho (Disserta\u00e7\u00e3o: Maring\u00e1 e o tecer da rede urbana regional \u2013 1998) e Doutorado em Geografia pela Universidade Estadual Paulista J\u00falio de Mesquita Filho (Tese: Pensando os pap\u00e9is e significados das pequenas cidades na regi\u00e3o Noroeste do Paran\u00e1 \u2013 2006), com a orienta\u00e7\u00e3o de Maria Encarna\u00e7\u00e3o Beltr\u00e3o Sposito.<\/p>\n<p>Tem est\u00e1gio p\u00f3s-doutoral na Universidade de Barcelona (2013-2014). Atualmente \u00e9 professora adjunta da Universidade Estadual de Maring\u00e1, onde atua no ensino de gradua\u00e7\u00e3o e p\u00f3s-gradua\u00e7\u00e3o. A docente tem como \u00e1rea de atua\u00e7\u00e3o as Geografias Urbana, Regional, Econ\u00f4mica e de Planejamento. Seus temas principais de trabalho s\u00e3o pequenas cidades, rede urbana, urbaniza\u00e7\u00e3o e urbanidade.<\/p>\n<p>&nbsp;<\/p>\n<p>Fonte: <a href=\"http:\/\/ccs2.ufpel.edu.br\/wp\/2018\/06\/27\/ciclo-de-palestras-do-prograu-aborda-pequenas-localidades-desafios-socioespaciais\/\">CCS \/ UFPel<\/a><\/p>\n","protected":false},"excerpt":{"rendered":"<p>O Ciclo de Palestras do Programa de P\u00f3s Gradua\u00e7\u00e3o em Arquitetura e Urbanismo (Prograu) da UFPel realiza, no dia 3 de julho, \u00e0s 18h, no audit\u00f3rio da FAUrb, situado na rua Benjamin Constant, 1359, a palestra Pequenas localidades: desafios socioespaciais e pauta de estudos. Ser\u00e1 ministrada pela professora Angela Maria Endlich. Ela possui gradua\u00e7\u00e3o em [&hellip;]<\/p>\n","protected":false},"author":34,"featured_media":4463,"comment_status":"closed","ping_status":"closed","sticky":false,"template":"","format":"standard","meta":{"_jetpack_memberships_contains_paid_content":false,"footnotes":""},"categories":[3],"tags":[],"class_list":["post-4461","post","type-post","status-publish","format-standard","has-post-thumbnail","hentry","category-eventos"],"jetpack_featured_media_url":"https:\/\/curso-wp.ufpel.edu.br\/tema-ufpel\/wp-content\/uploads\/sites\/208\/2018\/07\/34342557_2111170492233644_8785919421504815104_n-1.jpg","jetpack_sharing_enabled":true,"_links":{"self":[{"href":"https:\/\/curso-wp.ufpel.edu.br\/tema-ufpel\/wp-json\/wp\/v2\/posts\/4461","targetHints":{"allow":["GET"]}}],"collection":[{"href":"https:\/\/curso-wp.ufpel.edu.br\/tema-ufpel\/wp-json\/wp\/v2\/posts"}],"about":[{"href":"https:\/\/curso-wp.ufpel.edu.br\/tema-ufpel\/wp-json\/wp\/v2\/types\/post"}],"author":[{"embeddable":true,"href":"https:\/\/curso-wp.ufpel.edu.br\/tema-ufpel\/wp-json\/wp\/v2\/users\/34"}],"replies":[{"embeddable":true,"href":"https:\/\/curso-wp.ufpel.edu.br\/tema-ufpel\/wp-json\/wp\/v2\/comments?post=4461"}],"version-history":[{"count":0,"href":"https:\/\/curso-wp.ufpel.edu.br\/tema-ufpel\/wp-json\/wp\/v2\/posts\/4461\/revisions"}],"wp:featuredmedia":[{"embeddable":true,"href":"https:\/\/curso-wp.ufpel.edu.br\/tema-ufpel\/wp-json\/wp\/v2\/media\/4463"}],"wp:attachment":[{"href":"https:\/\/curso-wp.ufpel.edu.br\/tema-ufpel\/wp-json\/wp\/v2\/media?parent=4461"}],"wp:term":[{"taxonomy":"category","embeddable":true,"href":"https:\/\/curso-wp.ufpel.edu.br\/tema-ufpel\/wp-json\/wp\/v2\/categories?post=4461"},{"taxonomy":"post_tag","embeddable":true,"href":"https:\/\/curso-wp.ufpel.edu.br\/tema-ufpel\/wp-json\/wp\/v2\/tags?post=4461"}],"curies":[{"name":"wp","href":"https:\/\/api.w.org\/{rel}","templated":true}]}}